{"id":15335,"date":"2022-04-12T20:15:18","date_gmt":"2022-04-12T18:15:18","guid":{"rendered":"https:\/\/historylab.es\/politica-economia-y-sociedad-tema-el-siglo-xvii-sesion-1\/"},"modified":"2022-05-19T11:06:37","modified_gmt":"2022-05-19T09:06:37","slug":"politica-economia-y-sociedad-tema-el-siglo-xvii-sesion-1","status":"publish","type":"post","link":"https:\/\/historylab.es\/es\/politica-economia-y-sociedad-tema-el-siglo-xvii-sesion-1\/","title":{"rendered":"Pol\u00edtica, econom\u00eda y sociedad. Tema: El siglo XVII. Sesi\u00f3n 1"},"content":{"rendered":"<p>Video explicativo donde se presentan, a grandes rasgos, las caracter\u00edsticas socioecon\u00f3micas y pol\u00edticas del siglo XVII en la Europa Moderna. Durante este periodo, Europa se sumergi\u00f3 en una profunda crisis. El crecimiento de la poblaci\u00f3n se vio mermado por sucesivas epidemias de peste, guerras que desembocaban en terribles hambrunas y a las que se sumaron un bajo rendimiento agr\u00edcola y malas cosechas. En cambio, el comercio establecido con Am\u00e9rica, as\u00ed como la red establecida entre Europa y \u00c1frica proporcionaron excelentes beneficios. En el plano internacional, Inglaterra y Holanda empiezan a hacer una dura competencia a Espa\u00f1a y Portugal expandi\u00e9ndose principalmente por Asia y atacando mediante piratas y corsarios las ciudades y rutas ib\u00e9ricas. Francia impone su dominio en Europa sobre el resto de las naciones tras la Paz de Westfalia que pone fin a la Guerra de los Treinta A\u00f1os en Alemania.<\/p>\n","protected":false},"excerpt":{"rendered":"<p>Video explicativo de la primera sesi\u00f3n del tema \u00abEl siglo XVII\u00bb, materia de Geograf\u00eda e Historia, de 2\u00ba curso de la ESO.<\/p>\n","protected":false},"author":1,"featured_media":0,"comment_status":"closed","ping_status":"closed","sticky":false,"template":"","format":"standard","meta":{"_monsterinsights_skip_tracking":false,"_monsterinsights_sitenote_active":false,"_monsterinsights_sitenote_note":"","_monsterinsights_sitenote_category":0,"footnotes":""},"categories":[39],"tags":[],"coleccion":[4785],"tipologia":[],"actividad":[],"projects-collections":[4795],"class_list":["post-15335","post","type-post","status-publish","format-standard","hentry","category-sin-categorizar","coleccion-aplicaciones","projects-collections-5-el-sistema-y-el-poder-en-la-historia-de-europa-oligarquias-participacion-politica-y-democracia"],"aioseo_notices":[],"_links":{"self":[{"href":"https:\/\/historylab.es\/es\/wp-json\/wp\/v2\/posts\/15335","targetHints":{"allow":["GET"]}}],"collection":[{"href":"https:\/\/historylab.es\/es\/wp-json\/wp\/v2\/posts"}],"about":[{"href":"https:\/\/historylab.es\/es\/wp-json\/wp\/v2\/types\/post"}],"author":[{"embeddable":true,"href":"https:\/\/historylab.es\/es\/wp-json\/wp\/v2\/users\/1"}],"replies":[{"embeddable":true,"href":"https:\/\/historylab.es\/es\/wp-json\/wp\/v2\/comments?post=15335"}],"version-history":[{"count":1,"href":"https:\/\/historylab.es\/es\/wp-json\/wp\/v2\/posts\/15335\/revisions"}],"predecessor-version":[{"id":18237,"href":"https:\/\/historylab.es\/es\/wp-json\/wp\/v2\/posts\/15335\/revisions\/18237"}],"wp:attachment":[{"href":"https:\/\/historylab.es\/es\/wp-json\/wp\/v2\/media?parent=15335"}],"wp:term":[{"taxonomy":"category","embeddable":true,"href":"https:\/\/historylab.es\/es\/wp-json\/wp\/v2\/categories?post=15335"},{"taxonomy":"post_tag","embeddable":true,"href":"https:\/\/historylab.es\/es\/wp-json\/wp\/v2\/tags?post=15335"},{"taxonomy":"coleccion","embeddable":true,"href":"https:\/\/historylab.es\/es\/wp-json\/wp\/v2\/coleccion?post=15335"},{"taxonomy":"tipologia","embeddable":true,"href":"https:\/\/historylab.es\/es\/wp-json\/wp\/v2\/tipologia?post=15335"},{"taxonomy":"actividad","embeddable":true,"href":"https:\/\/historylab.es\/es\/wp-json\/wp\/v2\/actividad?post=15335"},{"taxonomy":"projects-collections","embeddable":true,"href":"https:\/\/historylab.es\/es\/wp-json\/wp\/v2\/projects-collections?post=15335"}],"curies":[{"name":"wp","href":"https:\/\/api.w.org\/{rel}","templated":true}]}}