{"id":15432,"date":"2022-04-12T20:15:51","date_gmt":"2022-04-12T18:15:51","guid":{"rendered":"https:\/\/historylab.es\/espana-en-la-edad-moderna\/"},"modified":"2022-05-19T10:25:42","modified_gmt":"2022-05-19T08:25:42","slug":"espana-en-la-edad-moderna","status":"publish","type":"post","link":"https:\/\/historylab.es\/es\/espana-en-la-edad-moderna\/","title":{"rendered":"Espa\u00f1a en la Edad Moderna"},"content":{"rendered":"<p>Aplicaci\u00f3n did\u00e1ctica para alumnos y alumnas de Tercer Ciclo de Educaci\u00f3n Primaria que comprende los cursos de 5\u00ba y 6\u00ba, contando el alumnado con edades comprendidas entre los 10 y los 12 a\u00f1os. Las unidades did\u00e1cticas que son abordadas durante estos cursos tratan temas tan apasionantes como el descubrimiento de Am\u00e9rica, la vuelta al mundo, los Reyes Cat\u00f3licos, los reinados de Carlos V y Felipe II, una introducci\u00f3n al Renacimiento y algunas l\u00edneas introductorias a los diferentes avances cient\u00edficos. La aplicaci\u00f3n cuenta con ejercicios de aprendizaje sobre la Historia Moderna de Espa\u00f1a. Se plantean as\u00ed varias actividades de autocompletar, de comprobar la respuesta correcta, crucigramas o responder a preguntas cortas.<\/p>\n","protected":false},"excerpt":{"rendered":"<p>Aplicaci\u00f3n did\u00e1ctica para alumnos y alumnas de Tercer Ciclo de Educaci\u00f3n Primaria<\/p>\n","protected":false},"author":1,"featured_media":0,"comment_status":"closed","ping_status":"closed","sticky":false,"template":"","format":"standard","meta":{"_monsterinsights_skip_tracking":false,"_monsterinsights_sitenote_active":false,"_monsterinsights_sitenote_note":"","_monsterinsights_sitenote_category":0,"footnotes":""},"categories":[39],"tags":[4803,4804],"coleccion":[4785],"tipologia":[],"actividad":[],"projects-collections":[4794,4795],"class_list":["post-15432","post","type-post","status-publish","format-standard","hentry","category-sin-categorizar","tag-5o-de-primaria-es","tag-6o-de-primaria-es","coleccion-aplicaciones","projects-collections-4-familia-vida-cotidiana-y-desigualdad-social-en-europa","projects-collections-5-el-sistema-y-el-poder-en-la-historia-de-europa-oligarquias-participacion-politica-y-democracia"],"aioseo_notices":[],"_links":{"self":[{"href":"https:\/\/historylab.es\/es\/wp-json\/wp\/v2\/posts\/15432","targetHints":{"allow":["GET"]}}],"collection":[{"href":"https:\/\/historylab.es\/es\/wp-json\/wp\/v2\/posts"}],"about":[{"href":"https:\/\/historylab.es\/es\/wp-json\/wp\/v2\/types\/post"}],"author":[{"embeddable":true,"href":"https:\/\/historylab.es\/es\/wp-json\/wp\/v2\/users\/1"}],"replies":[{"embeddable":true,"href":"https:\/\/historylab.es\/es\/wp-json\/wp\/v2\/comments?post=15432"}],"version-history":[{"count":1,"href":"https:\/\/historylab.es\/es\/wp-json\/wp\/v2\/posts\/15432\/revisions"}],"predecessor-version":[{"id":18119,"href":"https:\/\/historylab.es\/es\/wp-json\/wp\/v2\/posts\/15432\/revisions\/18119"}],"wp:attachment":[{"href":"https:\/\/historylab.es\/es\/wp-json\/wp\/v2\/media?parent=15432"}],"wp:term":[{"taxonomy":"category","embeddable":true,"href":"https:\/\/historylab.es\/es\/wp-json\/wp\/v2\/categories?post=15432"},{"taxonomy":"post_tag","embeddable":true,"href":"https:\/\/historylab.es\/es\/wp-json\/wp\/v2\/tags?post=15432"},{"taxonomy":"coleccion","embeddable":true,"href":"https:\/\/historylab.es\/es\/wp-json\/wp\/v2\/coleccion?post=15432"},{"taxonomy":"tipologia","embeddable":true,"href":"https:\/\/historylab.es\/es\/wp-json\/wp\/v2\/tipologia?post=15432"},{"taxonomy":"actividad","embeddable":true,"href":"https:\/\/historylab.es\/es\/wp-json\/wp\/v2\/actividad?post=15432"},{"taxonomy":"projects-collections","embeddable":true,"href":"https:\/\/historylab.es\/es\/wp-json\/wp\/v2\/projects-collections?post=15432"}],"curies":[{"name":"wp","href":"https:\/\/api.w.org\/{rel}","templated":true}]}}