{"id":15529,"date":"2022-04-12T20:16:24","date_gmt":"2022-04-12T18:16:24","guid":{"rendered":"https:\/\/historylab.es\/tipos-de-criados-a-mediados-del-siglo-xviii-en-jorquera-y-casas-ibanez-albacete\/"},"modified":"2022-05-19T09:58:42","modified_gmt":"2022-05-19T07:58:42","slug":"tipos-de-criados-a-mediados-del-siglo-xviii-en-jorquera-y-casas-ibanez-albacete","status":"publish","type":"post","link":"https:\/\/historylab.es\/es\/tipos-de-criados-a-mediados-del-siglo-xviii-en-jorquera-y-casas-ibanez-albacete\/","title":{"rendered":"Tipos de criados a mediados del siglo XVIII en Jorquera y Casas Ib\u00e1\u00f1ez (Albacete)"},"content":{"rendered":"<p>Los criados eran, dentro de los hogares, parte productiva de la econom\u00eda familiar en el mundo rural. En este contexto, los datos que ofrece la autora con el an\u00e1lisis de las poblaciones de Jorquera y Casas Ib\u00e1\u00f1ez, en la provincia de Albacete, van en esta direcci\u00f3n. La mayor\u00eda de los criados (73 de 176) eran de ganado, seguidos de los criados de servicio dom\u00e9stico (52) y de labor (40). As\u00ed, la mayor\u00eda de los criados estaban ligados a tareas agr\u00edcolas y ganaderas (el 64,2%). Tambi\u00e9n era com\u00fan que las familias acomodadas tuvieran unos criados de servicio que cumpl\u00edan una finalidad m\u00e1s ostentadora que productiva. Eran el 29,54%, de los cuales el 80% ten\u00edan nombre de mujer. Su desempe\u00f1o se centraba en labores de asistencia y cuidado dom\u00e9stico. En contraste con los criados de ganado y labor, los de servicio sol\u00edan cohabitar en el hogar de sus amos. Finalmente, en el apartado \u00abotros\u00bb del recurso aparecen los criados que sirven en los oficios de comerciantes, artesanos y otras profesiones liberales, minoritarios en este entorno rural y cuyo desempe\u00f1o no necesitaba tanto de un criado como de un hijo aprendiz. Un 6%, 11 de 176, correspond\u00eda a este tipo de labor.<\/p>\n","protected":false},"excerpt":{"rendered":"<p>Tipolog\u00eda de los criados en un entorno rural, reflejo de la actividad econ\u00f3mica y de la dependencia familiar<\/p>\n","protected":false},"author":1,"featured_media":8967,"comment_status":"closed","ping_status":"closed","sticky":false,"template":"","format":"standard","meta":{"_monsterinsights_skip_tracking":false,"_monsterinsights_sitenote_active":false,"_monsterinsights_sitenote_note":"","_monsterinsights_sitenote_category":0,"footnotes":""},"categories":[39],"tags":[7510,7512,7513,7552,7553,7554,6933,5437,6271,5445,7173,7517,7518,4884,7134,7555,7556,4862],"coleccion":[4786],"tipologia":[],"actividad":[],"projects-collections":[4793,4794],"class_list":["post-15529","post","type-post","status-publish","format-standard","has-post-thumbnail","hentry","category-sin-categorizar","tag-albacete-es","tag-casas-ibanez-es","tag-catastro-del-marques-de-la-ensenada-es","tag-criado-de-ganado-es","tag-criado-de-labor-es","tag-criado-de-servicio-es","tag-criados-es","tag-demografia-historica-es","tag-familia-es","tag-genero-es","tag-hogares-es","tag-jorquera-es","tag-la-manchuela-es","tag-mujeres-es","tag-mundo-rural-es","tag-relaciones-de-dependencia-es","tag-roles-es","tag-siglo-xviii-es","coleccion-estadisticas","projects-collections-3-mundo-rural-y-mundo-urbano-en-la-formacion-de-la-identidad-europea","projects-collections-4-familia-vida-cotidiana-y-desigualdad-social-en-europa"],"aioseo_notices":[],"_links":{"self":[{"href":"https:\/\/historylab.es\/es\/wp-json\/wp\/v2\/posts\/15529","targetHints":{"allow":["GET"]}}],"collection":[{"href":"https:\/\/historylab.es\/es\/wp-json\/wp\/v2\/posts"}],"about":[{"href":"https:\/\/historylab.es\/es\/wp-json\/wp\/v2\/types\/post"}],"author":[{"embeddable":true,"href":"https:\/\/historylab.es\/es\/wp-json\/wp\/v2\/users\/1"}],"replies":[{"embeddable":true,"href":"https:\/\/historylab.es\/es\/wp-json\/wp\/v2\/comments?post=15529"}],"version-history":[{"count":1,"href":"https:\/\/historylab.es\/es\/wp-json\/wp\/v2\/posts\/15529\/revisions"}],"predecessor-version":[{"id":18020,"href":"https:\/\/historylab.es\/es\/wp-json\/wp\/v2\/posts\/15529\/revisions\/18020"}],"wp:featuredmedia":[{"embeddable":true,"href":"https:\/\/historylab.es\/es\/wp-json\/wp\/v2\/media\/8967"}],"wp:attachment":[{"href":"https:\/\/historylab.es\/es\/wp-json\/wp\/v2\/media?parent=15529"}],"wp:term":[{"taxonomy":"category","embeddable":true,"href":"https:\/\/historylab.es\/es\/wp-json\/wp\/v2\/categories?post=15529"},{"taxonomy":"post_tag","embeddable":true,"href":"https:\/\/historylab.es\/es\/wp-json\/wp\/v2\/tags?post=15529"},{"taxonomy":"coleccion","embeddable":true,"href":"https:\/\/historylab.es\/es\/wp-json\/wp\/v2\/coleccion?post=15529"},{"taxonomy":"tipologia","embeddable":true,"href":"https:\/\/historylab.es\/es\/wp-json\/wp\/v2\/tipologia?post=15529"},{"taxonomy":"actividad","embeddable":true,"href":"https:\/\/historylab.es\/es\/wp-json\/wp\/v2\/actividad?post=15529"},{"taxonomy":"projects-collections","embeddable":true,"href":"https:\/\/historylab.es\/es\/wp-json\/wp\/v2\/projects-collections?post=15529"}],"curies":[{"name":"wp","href":"https:\/\/api.w.org\/{rel}","templated":true}]}}