{"id":15732,"date":"2022-04-12T20:17:34","date_gmt":"2022-04-12T18:17:34","guid":{"rendered":"https:\/\/historylab.es\/genealogia-de-la-nobleza-la-familia-igualada-de-velez-malaga-1645-1792\/"},"modified":"2022-05-18T10:32:40","modified_gmt":"2022-05-18T08:32:40","slug":"genealogia-de-la-nobleza-la-familia-igualada-de-velez-malaga-1645-1792","status":"publish","type":"post","link":"https:\/\/historylab.es\/es\/genealogia-de-la-nobleza-la-familia-igualada-de-velez-malaga-1645-1792\/","title":{"rendered":"Genealog\u00eda de la nobleza: la familia Igualada de V\u00e9lez-M\u00e1laga (1645-1792)"},"content":{"rendered":"<p>Genealog\u00eda de una familia perteneciente a la elite local de V\u00e9lez-M\u00e1laga, lo que algunos autores han denominado nobleza urbana, caracterizada esencialmente por carecer de titulaci\u00f3n pero ser considerada como tal en su localidad, adem\u00e1s de por constituirse como intermediarios entre el poder real y sus s\u00fabditos. Los Igualada ocuparon regidur\u00edas en el Concejo Municipal desde finales del XVII, accediendo al puesto por compra y llevando a cabo desde ese momento unas estrategias de consolidaci\u00f3n mediante enlaces matrimoniales con las familias de sus compa\u00f1eros mun\u00edcipes o de nobleza, ya s\u00ed, titulada, los cuales pueden apreciarse con claridad en el \u00e1rbol geneal\u00f3gico.<\/p>\n","protected":false},"excerpt":{"rendered":"<p>Genealog\u00eda de la familia Igualada desde mediados del siglo XVII finales del dieciocho<\/p>\n","protected":false},"author":1,"featured_media":0,"comment_status":"closed","ping_status":"closed","sticky":false,"template":"","format":"standard","meta":{"_monsterinsights_skip_tracking":false,"_monsterinsights_sitenote_active":false,"_monsterinsights_sitenote_note":"","_monsterinsights_sitenote_category":0,"footnotes":""},"categories":[39],"tags":[7583,6271,5116,6772,10479,5566,10480,10481,6844,4826,4862,6245,10482],"coleccion":[4787],"tipologia":[],"actividad":[],"projects-collections":[4793,4794,4795],"class_list":["post-15732","post","type-post","status-publish","format-standard","hentry","category-sin-categorizar","tag-elite-local-es","tag-familia-es","tag-genealogias-es","tag-matrimonio-es","tag-nobles-es","tag-nobleza-es","tag-oligarcas-es","tag-oligarquia-es","tag-reproduccion-social-es","tag-siglo-xvii-es","tag-siglo-xviii-es","tag-trayectorias-es","tag-velez-malaga-es","coleccion-graficos","projects-collections-3-mundo-rural-y-mundo-urbano-en-la-formacion-de-la-identidad-europea","projects-collections-4-familia-vida-cotidiana-y-desigualdad-social-en-europa","projects-collections-5-el-sistema-y-el-poder-en-la-historia-de-europa-oligarquias-participacion-politica-y-democracia"],"aioseo_notices":[],"_links":{"self":[{"href":"https:\/\/historylab.es\/es\/wp-json\/wp\/v2\/posts\/15732","targetHints":{"allow":["GET"]}}],"collection":[{"href":"https:\/\/historylab.es\/es\/wp-json\/wp\/v2\/posts"}],"about":[{"href":"https:\/\/historylab.es\/es\/wp-json\/wp\/v2\/types\/post"}],"author":[{"embeddable":true,"href":"https:\/\/historylab.es\/es\/wp-json\/wp\/v2\/users\/1"}],"replies":[{"embeddable":true,"href":"https:\/\/historylab.es\/es\/wp-json\/wp\/v2\/comments?post=15732"}],"version-history":[{"count":1,"href":"https:\/\/historylab.es\/es\/wp-json\/wp\/v2\/posts\/15732\/revisions"}],"predecessor-version":[{"id":18365,"href":"https:\/\/historylab.es\/es\/wp-json\/wp\/v2\/posts\/15732\/revisions\/18365"}],"wp:attachment":[{"href":"https:\/\/historylab.es\/es\/wp-json\/wp\/v2\/media?parent=15732"}],"wp:term":[{"taxonomy":"category","embeddable":true,"href":"https:\/\/historylab.es\/es\/wp-json\/wp\/v2\/categories?post=15732"},{"taxonomy":"post_tag","embeddable":true,"href":"https:\/\/historylab.es\/es\/wp-json\/wp\/v2\/tags?post=15732"},{"taxonomy":"coleccion","embeddable":true,"href":"https:\/\/historylab.es\/es\/wp-json\/wp\/v2\/coleccion?post=15732"},{"taxonomy":"tipologia","embeddable":true,"href":"https:\/\/historylab.es\/es\/wp-json\/wp\/v2\/tipologia?post=15732"},{"taxonomy":"actividad","embeddable":true,"href":"https:\/\/historylab.es\/es\/wp-json\/wp\/v2\/actividad?post=15732"},{"taxonomy":"projects-collections","embeddable":true,"href":"https:\/\/historylab.es\/es\/wp-json\/wp\/v2\/projects-collections?post=15732"}],"curies":[{"name":"wp","href":"https:\/\/api.w.org\/{rel}","templated":true}]}}