{"id":15764,"date":"2022-04-12T20:17:48","date_gmt":"2022-04-12T18:17:48","guid":{"rendered":"https:\/\/historylab.es\/serie-anual-de-entradas-por-inmigracion-de-esclavos-africanos-en-matanzas-1755-1810\/"},"modified":"2022-05-18T10:25:52","modified_gmt":"2022-05-18T08:25:52","slug":"serie-anual-de-entradas-por-inmigracion-de-esclavos-africanos-en-matanzas-1755-1810","status":"publish","type":"post","link":"https:\/\/historylab.es\/es\/serie-anual-de-entradas-por-inmigracion-de-esclavos-africanos-en-matanzas-1755-1810\/","title":{"rendered":"Serie anual de entradas por inmigraci\u00f3n de esclavos africanos en Matanzas, 1755\u20131810"},"content":{"rendered":"<p>A fines del Setecientos, la isla de Cuba sufri\u00f3 una serie de transformaciones institucionales que acabaron con una reformulaci\u00f3n del pacto colonial entre las \u00e9lites locales y la corona. Esta serie de cambios afectaron a la estructura de la propiedad, la producci\u00f3n agraria y el crecimiento y composici\u00f3n de la poblaci\u00f3n, convirti\u00e9ndose la isla en la principal productora de az\u00facar colonial del mundo. Hasta el siglo XVII, el peso de la econom\u00eda azucarera en la provincia era m\u00ednimo. La jurisdicci\u00f3n cont\u00f3 con cinco ingenios en 1778 y ocho en 1792, que produc\u00edan un 1.5% del total del az\u00facar de la isla. El c\u00e1lculo migratorio, a trav\u00e9s de los datos de registro, expone una inmigraci\u00f3n de esclavos muy bajo. Los motivos para pensar esto son que la expansi\u00f3n de la frontera agr\u00edcola se produjo desde La Habana hacia Matanzas, lo cual lleva a que, en caso de haber inmigraci\u00f3n, deber\u00eda haberse producido en este sentido y que la movilidad del esclavo depend\u00eda de su propietario, as\u00ed que se espera que la poblaci\u00f3n esclava permaneciera en Matanza con sus amos en el momento de expansi\u00f3n azucarera. El flujo de las importaciones de esclavos en la segunda mitad del siglo XVIII se multiplic\u00f3 por diez y estuvo marcado por fuertes oscilaciones. Las entradas de mayor poblaci\u00f3n se correspondieron a un contexto internacional de transformaciones internas que permit\u00edan incrementar la fuerza de trabajo negra a trav\u00e9s de la trata en tres periodos. En el primero (1775\u20131785) las importaciones de esclavos parecieron ser m\u00e1s espor\u00e1dicas y dependientes de coyunturas externas, como la invasi\u00f3n inglesa de 1762 o la guerra de la Independencia de Estados Unidos. Durante el segundo periodo (1785\u20131795) se produjo un cambio de tendencia hacia el aumento regular de la inmigraci\u00f3n forzada a lo que se un\u00eda el efecto de la Revoluci\u00f3n Francesa en Saint Domingue en 1791 que arrastr\u00f3 una menor llegada de esclavos. El crecimiento de la curva coincidi\u00f3 con las transformaciones internas de medio plazo, como la liberaci\u00f3n de la trata (1789\u20131798), la aplicaci\u00f3n de derechos favorables a la producci\u00f3n, alcabalas o diezmos al az\u00facar, caf\u00e9, a\u00f1il, algod\u00f3n y el est\u00edmulo del comercio de az\u00facar como el aumento de aranceles para el comercio libre entre Espa\u00f1a y las Indias. El \u00faltimo periodo, comprendido en 1795\u20131810 cont\u00f3 con una estabilizaci\u00f3n de las entradas masivas de poblaci\u00f3n esclava.<\/p>\n","protected":false},"excerpt":{"rendered":"<p>Fluctuaci\u00f3n de la migraci\u00f3n forzada en Matanzas, Cuba, entre 1755 y 1810<\/p>\n","protected":false},"author":1,"featured_media":8926,"comment_status":"closed","ping_status":"closed","sticky":false,"template":"","format":"standard","meta":{"_monsterinsights_skip_tracking":false,"_monsterinsights_sitenote_active":false,"_monsterinsights_sitenote_note":"","_monsterinsights_sitenote_category":0,"footnotes":""},"categories":[39],"tags":[5514,10947,5354,6857,5517,5518,6100,7296,10948,9584,5454,4990,4862],"coleccion":[4787],"tipologia":[],"actividad":[],"projects-collections":[4793,4794,4791],"class_list":["post-15764","post","type-post","status-publish","format-standard","has-post-thumbnail","hentry","category-sin-categorizar","tag-africa-es","tag-blancos-es","tag-cuba-es","tag-demografia-es","tag-esclavitud-es","tag-esclavos-es","tag-inmigracion-es","tag-matanzas-es","tag-morenos-es","tag-negros-es","tag-poblacion-es","tag-religion-es","tag-siglo-xviii-es","coleccion-graficos","projects-collections-3-mundo-rural-y-mundo-urbano-en-la-formacion-de-la-identidad-europea","projects-collections-4-familia-vida-cotidiana-y-desigualdad-social-en-europa","projects-collections-9-viajes-y-viajeros-conexiones-economicas-sociales-y-culturales"],"aioseo_notices":[],"_links":{"self":[{"href":"https:\/\/historylab.es\/es\/wp-json\/wp\/v2\/posts\/15764","targetHints":{"allow":["GET"]}}],"collection":[{"href":"https:\/\/historylab.es\/es\/wp-json\/wp\/v2\/posts"}],"about":[{"href":"https:\/\/historylab.es\/es\/wp-json\/wp\/v2\/types\/post"}],"author":[{"embeddable":true,"href":"https:\/\/historylab.es\/es\/wp-json\/wp\/v2\/users\/1"}],"replies":[{"embeddable":true,"href":"https:\/\/historylab.es\/es\/wp-json\/wp\/v2\/comments?post=15764"}],"version-history":[{"count":1,"href":"https:\/\/historylab.es\/es\/wp-json\/wp\/v2\/posts\/15764\/revisions"}],"predecessor-version":[{"id":17755,"href":"https:\/\/historylab.es\/es\/wp-json\/wp\/v2\/posts\/15764\/revisions\/17755"}],"wp:featuredmedia":[{"embeddable":true,"href":"https:\/\/historylab.es\/es\/wp-json\/wp\/v2\/media\/8926"}],"wp:attachment":[{"href":"https:\/\/historylab.es\/es\/wp-json\/wp\/v2\/media?parent=15764"}],"wp:term":[{"taxonomy":"category","embeddable":true,"href":"https:\/\/historylab.es\/es\/wp-json\/wp\/v2\/categories?post=15764"},{"taxonomy":"post_tag","embeddable":true,"href":"https:\/\/historylab.es\/es\/wp-json\/wp\/v2\/tags?post=15764"},{"taxonomy":"coleccion","embeddable":true,"href":"https:\/\/historylab.es\/es\/wp-json\/wp\/v2\/coleccion?post=15764"},{"taxonomy":"tipologia","embeddable":true,"href":"https:\/\/historylab.es\/es\/wp-json\/wp\/v2\/tipologia?post=15764"},{"taxonomy":"actividad","embeddable":true,"href":"https:\/\/historylab.es\/es\/wp-json\/wp\/v2\/actividad?post=15764"},{"taxonomy":"projects-collections","embeddable":true,"href":"https:\/\/historylab.es\/es\/wp-json\/wp\/v2\/projects-collections?post=15764"}],"curies":[{"name":"wp","href":"https:\/\/api.w.org\/{rel}","templated":true}]}}