{"id":15813,"date":"2022-04-12T20:18:07","date_gmt":"2022-04-12T18:18:07","guid":{"rendered":"https:\/\/historylab.es\/vista-de-la-real-chancilleria-de-granada\/"},"modified":"2022-05-18T10:20:11","modified_gmt":"2022-05-18T08:20:11","slug":"vista-de-la-real-chancilleria-de-granada","status":"publish","type":"post","link":"https:\/\/historylab.es\/es\/vista-de-la-real-chancilleria-de-granada\/","title":{"rendered":"Vista de la Real Chanciller\u00eda de Granada"},"content":{"rendered":"<p>La Real Chanciller\u00eda de Granada fue un \u00f3rgano judicial establecido por los Reyes Cat\u00f3licos en 1500, que se hizo efectivo a la muerte de la Reina, en 1505. Esta nueva instituci\u00f3n hered\u00f3 las competencias de la anterior Real Audiencia y Chanciller\u00eda de Ciudad Real, que se hab\u00eda instaurado en aquella ciudad en 1494. Su traslado a Granada tendr\u00eda dos causas principales: el papel simb\u00f3lico que jugaba esta ciudad en el reinado y la intenci\u00f3n de los monarcas de dominar pol\u00edticamente esta zona. Sus competencias judiciales se extendieron sobre el territorio situado al sur del r\u00edo Tajo, mientras que los territorios del norte estar\u00edan bajo la supervisi\u00f3n de la Real Audiencia y Chanciller\u00eda de Valladolid. En 1531 el rey Carlos I mand\u00f3 construir el Palacio de la Chanciller\u00eda sito hoy d\u00eda en Plaza Nueva, obra que concluy\u00f3 en 1587. El proyecto estuvo a cargo del arquitecto Francisco del Castillo el Mozo y de los canteros Mart\u00edn D\u00edaz de Navarrete y Pedro Mar\u00edn, siendo la obra escult\u00f3rica realizada por Alonso Hern\u00e1ndez. El patio ha sido atribuido a la traza de Diego de Silo\u00e9. Durante el siglo XVIII esta instituci\u00f3n fue perdiendo poder y competencias al crearse la figura del intendente. Finalmente, desapareci\u00f3 en 1834 con motivo de la implantaci\u00f3n definitiva del liberalismo en Espa\u00f1a<\/p>\n","protected":false},"excerpt":{"rendered":"<p>En la imagen puede verse una vista de la Real Chanciller\u00eda de Granada hacia 1770. En el extremo superior derecho se observa adem\u00e1s parte de la Alhambra<\/p>\n","protected":false},"author":1,"featured_media":9017,"comment_status":"closed","ping_status":"closed","sticky":false,"template":"","format":"standard","meta":{"_monsterinsights_skip_tracking":false,"_monsterinsights_sitenote_active":false,"_monsterinsights_sitenote_note":"","_monsterinsights_sitenote_category":0,"footnotes":""},"categories":[39],"tags":[10842,4933,4875,10843,7522,6137,10844,10845,4985,4849,10547],"coleccion":[4788],"tipologia":[],"actividad":[],"projects-collections":[4795,4799],"class_list":["post-15813","post","type-post","status-publish","format-standard","has-post-thumbnail","hentry","category-sin-categorizar","tag-alonso-hernandez-es","tag-ciudades-es","tag-edad-moderna-es","tag-francisco-del-castillo-el-mozo-es","tag-granada-es","tag-justicia-es","tag-poder-judicial-es","tag-real-chancilleria-de-granada-es","tag-reyes-catolicos-es","tag-siglo-xvi-es","tag-vistas-es","coleccion-imagenes","projects-collections-5-el-sistema-y-el-poder-en-la-historia-de-europa-oligarquias-participacion-politica-y-democracia","projects-collections-7-perseguidos-por-la-justicia-y-el-poder-rebeldes-disidentes-politicos-y-criminales-en-la-historia-de-europa"],"aioseo_notices":[],"_links":{"self":[{"href":"https:\/\/historylab.es\/es\/wp-json\/wp\/v2\/posts\/15813","targetHints":{"allow":["GET"]}}],"collection":[{"href":"https:\/\/historylab.es\/es\/wp-json\/wp\/v2\/posts"}],"about":[{"href":"https:\/\/historylab.es\/es\/wp-json\/wp\/v2\/types\/post"}],"author":[{"embeddable":true,"href":"https:\/\/historylab.es\/es\/wp-json\/wp\/v2\/users\/1"}],"replies":[{"embeddable":true,"href":"https:\/\/historylab.es\/es\/wp-json\/wp\/v2\/comments?post=15813"}],"version-history":[{"count":1,"href":"https:\/\/historylab.es\/es\/wp-json\/wp\/v2\/posts\/15813\/revisions"}],"predecessor-version":[{"id":17724,"href":"https:\/\/historylab.es\/es\/wp-json\/wp\/v2\/posts\/15813\/revisions\/17724"}],"wp:featuredmedia":[{"embeddable":true,"href":"https:\/\/historylab.es\/es\/wp-json\/wp\/v2\/media\/9017"}],"wp:attachment":[{"href":"https:\/\/historylab.es\/es\/wp-json\/wp\/v2\/media?parent=15813"}],"wp:term":[{"taxonomy":"category","embeddable":true,"href":"https:\/\/historylab.es\/es\/wp-json\/wp\/v2\/categories?post=15813"},{"taxonomy":"post_tag","embeddable":true,"href":"https:\/\/historylab.es\/es\/wp-json\/wp\/v2\/tags?post=15813"},{"taxonomy":"coleccion","embeddable":true,"href":"https:\/\/historylab.es\/es\/wp-json\/wp\/v2\/coleccion?post=15813"},{"taxonomy":"tipologia","embeddable":true,"href":"https:\/\/historylab.es\/es\/wp-json\/wp\/v2\/tipologia?post=15813"},{"taxonomy":"actividad","embeddable":true,"href":"https:\/\/historylab.es\/es\/wp-json\/wp\/v2\/actividad?post=15813"},{"taxonomy":"projects-collections","embeddable":true,"href":"https:\/\/historylab.es\/es\/wp-json\/wp\/v2\/projects-collections?post=15813"}],"curies":[{"name":"wp","href":"https:\/\/api.w.org\/{rel}","templated":true}]}}