{"id":16345,"date":"2022-04-12T20:21:18","date_gmt":"2022-04-12T18:21:18","guid":{"rendered":"https:\/\/historylab.es\/uso-de-la-aritmetica-politica-en-el-comercio-y-rentas-reales\/"},"modified":"2022-05-17T17:08:09","modified_gmt":"2022-05-17T15:08:09","slug":"uso-de-la-aritmetica-politica-en-el-comercio-y-rentas-reales","status":"publish","type":"post","link":"https:\/\/historylab.es\/es\/uso-de-la-aritmetica-politica-en-el-comercio-y-rentas-reales\/","title":{"rendered":"Uso de la aritm\u00e9tica pol\u00edtica en el comercio y rentas reales"},"content":{"rendered":"<p>Documento que recoge la traducci\u00f3n al castellano realizada por Nicol\u00e1s de Arriquibar de la obra de Davennt de 1698 \u00abUso de la aritm\u00e9tica pol\u00edtica en el comercio y rentas reales\u00bb. El documento est\u00e1 dirigido a los alumnos de la Real Sociedad Bascongada de los Amigos del Pa\u00eds. Contiene, a su vez, carta de Nicol\u00e1s de Arriquibar a Miguel Jos\u00e9 de Olasso, de fecha de 6 de setiembre de 1771.<\/p>\n","protected":false},"excerpt":{"rendered":"<p>Traducci\u00f3n al castellano de la obra: Uso de la aritm\u00e9tica pol\u00edtica en el comercio y rentas reales<\/p>\n","protected":false},"author":1,"featured_media":0,"comment_status":"closed","ping_status":"closed","sticky":false,"template":"","format":"standard","meta":{"_monsterinsights_skip_tracking":false,"_monsterinsights_sitenote_active":false,"_monsterinsights_sitenote_note":"","_monsterinsights_sitenote_category":0,"footnotes":""},"categories":[39],"tags":[9835,9836,4816,9837,8193,6270,5308,8168,9838,9839,5027,9678,9840,4862,9841],"coleccion":[4790],"tipologia":[],"actividad":[],"projects-collections":[],"class_list":["post-16345","post","type-post","status-publish","format-standard","hentry","category-sin-categorizar","tag-1698-es","tag-aritmetica-es","tag-comercio-es","tag-davenant-es","tag-educacion-es","tag-ensenanza-es","tag-ilustracion-es","tag-libros-es","tag-miguel-jose-de-olaso-es","tag-nicolas-de-arriquibar-es","tag-politica-es","tag-real-sociedad-bascongada-de-los-amigos-del-pais-es","tag-rentas-reales-es","tag-siglo-xviii-es","tag-traduccion-es","coleccion-textos"],"aioseo_notices":[],"_links":{"self":[{"href":"https:\/\/historylab.es\/es\/wp-json\/wp\/v2\/posts\/16345","targetHints":{"allow":["GET"]}}],"collection":[{"href":"https:\/\/historylab.es\/es\/wp-json\/wp\/v2\/posts"}],"about":[{"href":"https:\/\/historylab.es\/es\/wp-json\/wp\/v2\/types\/post"}],"author":[{"embeddable":true,"href":"https:\/\/historylab.es\/es\/wp-json\/wp\/v2\/users\/1"}],"replies":[{"embeddable":true,"href":"https:\/\/historylab.es\/es\/wp-json\/wp\/v2\/comments?post=16345"}],"version-history":[{"count":1,"href":"https:\/\/historylab.es\/es\/wp-json\/wp\/v2\/posts\/16345\/revisions"}],"predecessor-version":[{"id":17128,"href":"https:\/\/historylab.es\/es\/wp-json\/wp\/v2\/posts\/16345\/revisions\/17128"}],"wp:attachment":[{"href":"https:\/\/historylab.es\/es\/wp-json\/wp\/v2\/media?parent=16345"}],"wp:term":[{"taxonomy":"category","embeddable":true,"href":"https:\/\/historylab.es\/es\/wp-json\/wp\/v2\/categories?post=16345"},{"taxonomy":"post_tag","embeddable":true,"href":"https:\/\/historylab.es\/es\/wp-json\/wp\/v2\/tags?post=16345"},{"taxonomy":"coleccion","embeddable":true,"href":"https:\/\/historylab.es\/es\/wp-json\/wp\/v2\/coleccion?post=16345"},{"taxonomy":"tipologia","embeddable":true,"href":"https:\/\/historylab.es\/es\/wp-json\/wp\/v2\/tipologia?post=16345"},{"taxonomy":"actividad","embeddable":true,"href":"https:\/\/historylab.es\/es\/wp-json\/wp\/v2\/actividad?post=16345"},{"taxonomy":"projects-collections","embeddable":true,"href":"https:\/\/historylab.es\/es\/wp-json\/wp\/v2\/projects-collections?post=16345"}],"curies":[{"name":"wp","href":"https:\/\/api.w.org\/{rel}","templated":true}]}}