{"id":16349,"date":"2022-04-12T20:21:18","date_gmt":"2022-04-12T18:21:18","guid":{"rendered":"https:\/\/historylab.es\/lista-de-los-muertos-y-heridos-en-el-navio-bahama-en-el-combate-de-trafalgar\/"},"modified":"2022-05-17T17:08:33","modified_gmt":"2022-05-17T15:08:33","slug":"lista-de-los-muertos-y-heridos-en-el-navio-bahama-en-el-combate-de-trafalgar","status":"publish","type":"post","link":"https:\/\/historylab.es\/es\/lista-de-los-muertos-y-heridos-en-el-navio-bahama-en-el-combate-de-trafalgar\/","title":{"rendered":"Lista de los muertos y heridos en el nav\u00edo Bahama en el combate de Trafalgar"},"content":{"rendered":"<p>A partir de la toma del poder por Napole\u00f3n Bonaparte, en 1799, la corte espa\u00f1ola se mostr\u00f3 como una d\u00e9bil extensi\u00f3n de la pol\u00edtica francesa. La debilidad latente de Carlos IV anim\u00f3 la causa francesa en torno a la invasi\u00f3n de Portugal en 1801. Un a\u00f1o despu\u00e9s, Francia e Inglaterra firmaron la Paz de Amiens, si bien sus confrontaciones pronto se reanudar\u00edan, vi\u00e9ndose Espa\u00f1a envuelta en este enfrentamiento. La consecuencia directa de esta situaci\u00f3n se produjo en la Batalla de Trafalgar (1805) donde la flota espa\u00f1ola cay\u00f3 destrozada ante la escuadra del almirante Nelson. Esta derrota provocar\u00eda una mayor debilidad del control de los territorios ultramarinos, lo que deriv\u00f3 en un hundimiento econ\u00f3mico considerable.<\/p>\n","protected":false},"excerpt":{"rendered":"<p>Lista de los muertos y heridos en el nav\u00edo Bahama, del que era segundo Comandante Don Tom\u00e1s de Ramery, en el combate de Trafalgar que tuvo lugar el 21 de Octubre de 1805<\/p>\n","protected":false},"author":1,"featured_media":0,"comment_status":"closed","ping_status":"closed","sticky":false,"template":"","format":"standard","meta":{"_monsterinsights_skip_tracking":false,"_monsterinsights_sitenote_active":false,"_monsterinsights_sitenote_note":"","_monsterinsights_sitenote_category":0,"footnotes":""},"categories":[39],"tags":[9852,5349,9853,6478,6832,9854,7048,5173,5145,5510,5151,7205,9821,5360,5026,4911],"coleccion":[4790],"tipologia":[],"actividad":[],"projects-collections":[],"class_list":["post-16349","post","type-post","status-publish","format-standard","hentry","category-sin-categorizar","tag-1805-es","tag-atlantico-es","tag-batalla-de-trafalgar-es","tag-batalla-naval-es","tag-cadiz-es","tag-contienda-es","tag-ejercito-es","tag-espana-es","tag-francia-es","tag-guerra-es","tag-inglaterra-es","tag-mar-es","tag-marina-es","tag-mediterraneo-es","tag-militar-es","tag-siglo-xix-es","coleccion-textos"],"aioseo_notices":[],"_links":{"self":[{"href":"https:\/\/historylab.es\/es\/wp-json\/wp\/v2\/posts\/16349","targetHints":{"allow":["GET"]}}],"collection":[{"href":"https:\/\/historylab.es\/es\/wp-json\/wp\/v2\/posts"}],"about":[{"href":"https:\/\/historylab.es\/es\/wp-json\/wp\/v2\/types\/post"}],"author":[{"embeddable":true,"href":"https:\/\/historylab.es\/es\/wp-json\/wp\/v2\/users\/1"}],"replies":[{"embeddable":true,"href":"https:\/\/historylab.es\/es\/wp-json\/wp\/v2\/comments?post=16349"}],"version-history":[{"count":1,"href":"https:\/\/historylab.es\/es\/wp-json\/wp\/v2\/posts\/16349\/revisions"}],"predecessor-version":[{"id":17134,"href":"https:\/\/historylab.es\/es\/wp-json\/wp\/v2\/posts\/16349\/revisions\/17134"}],"wp:attachment":[{"href":"https:\/\/historylab.es\/es\/wp-json\/wp\/v2\/media?parent=16349"}],"wp:term":[{"taxonomy":"category","embeddable":true,"href":"https:\/\/historylab.es\/es\/wp-json\/wp\/v2\/categories?post=16349"},{"taxonomy":"post_tag","embeddable":true,"href":"https:\/\/historylab.es\/es\/wp-json\/wp\/v2\/tags?post=16349"},{"taxonomy":"coleccion","embeddable":true,"href":"https:\/\/historylab.es\/es\/wp-json\/wp\/v2\/coleccion?post=16349"},{"taxonomy":"tipologia","embeddable":true,"href":"https:\/\/historylab.es\/es\/wp-json\/wp\/v2\/tipologia?post=16349"},{"taxonomy":"actividad","embeddable":true,"href":"https:\/\/historylab.es\/es\/wp-json\/wp\/v2\/actividad?post=16349"},{"taxonomy":"projects-collections","embeddable":true,"href":"https:\/\/historylab.es\/es\/wp-json\/wp\/v2\/projects-collections?post=16349"}],"curies":[{"name":"wp","href":"https:\/\/api.w.org\/{rel}","templated":true}]}}