{"id":16372,"date":"2022-04-12T20:21:24","date_gmt":"2022-04-12T18:21:24","guid":{"rendered":"https:\/\/historylab.es\/pedro-nolasco-del-rio-empleos\/"},"modified":"2022-05-17T17:06:45","modified_gmt":"2022-05-17T15:06:45","slug":"pedro-nolasco-del-rio-empleos","status":"publish","type":"post","link":"https:\/\/historylab.es\/es\/pedro-nolasco-del-rio-empleos\/","title":{"rendered":"Pedro Nolasco del R\u00edo. Empleos"},"content":{"rendered":"<p>Las hojas de servicio, normalmente incluidas en los expedientes personales de militares o agentes de gobierno dan buena cuenta de los m\u00e9ritos, actuaciones, acciones, participaciones, lesiones, permisos, casamientos, etc. de estas personas. Estos datos permiten conocer qu\u00e9 tipo de trayectorias personales constru\u00edan los agentes que conformaban las estructuras de gobierno de la Monarqu\u00eda hisp\u00e1nica a lo largo de la Edad Moderna, de forma que su an\u00e1lisis es muy \u00fatil para conocer y reconstruir el sistema pol\u00edtico.<\/p>\n","protected":false},"excerpt":{"rendered":"<p>Nombramiento de Pedro Nolasco del R\u00edo como comandante del Cuerpo de Dragones de la Frontera. Incluye hoja de servicios de Domingo Alvarez Ram\u00edrez, sargento mayor. Fol. 120-130<\/p>\n","protected":false},"author":1,"featured_media":0,"comment_status":"closed","ping_status":"closed","sticky":false,"template":"","format":"standard","meta":{"_monsterinsights_skip_tracking":false,"_monsterinsights_sitenote_active":false,"_monsterinsights_sitenote_note":"","_monsterinsights_sitenote_category":0,"footnotes":""},"categories":[39],"tags":[4859,9769,9770,9771,9568,7048,9772,6431,9773,6902,5496,9774,9571,5420,9775,9572,4862,6245],"coleccion":[4790],"tipologia":[],"actividad":[],"projects-collections":[],"class_list":["post-16372","post","type-post","status-publish","format-standard","hentry","category-sin-categorizar","tag-batallas-es","tag-cargos-es","tag-carrera-militar-es","tag-certificaciones-es","tag-contiendas-es","tag-ejercito-es","tag-empleos-es","tag-estado-es","tag-expediente-militar-es","tag-gobierno-es","tag-guerras-es","tag-hoja-de-servicios-es","tag-meritos-es","tag-monarquia-es","tag-pedro-nolasco-es","tag-regimientos-es","tag-siglo-xviii-es","tag-trayectorias-es","coleccion-textos"],"aioseo_notices":[],"_links":{"self":[{"href":"https:\/\/historylab.es\/es\/wp-json\/wp\/v2\/posts\/16372","targetHints":{"allow":["GET"]}}],"collection":[{"href":"https:\/\/historylab.es\/es\/wp-json\/wp\/v2\/posts"}],"about":[{"href":"https:\/\/historylab.es\/es\/wp-json\/wp\/v2\/types\/post"}],"author":[{"embeddable":true,"href":"https:\/\/historylab.es\/es\/wp-json\/wp\/v2\/users\/1"}],"replies":[{"embeddable":true,"href":"https:\/\/historylab.es\/es\/wp-json\/wp\/v2\/comments?post=16372"}],"version-history":[{"count":1,"href":"https:\/\/historylab.es\/es\/wp-json\/wp\/v2\/posts\/16372\/revisions"}],"predecessor-version":[{"id":17112,"href":"https:\/\/historylab.es\/es\/wp-json\/wp\/v2\/posts\/16372\/revisions\/17112"}],"wp:attachment":[{"href":"https:\/\/historylab.es\/es\/wp-json\/wp\/v2\/media?parent=16372"}],"wp:term":[{"taxonomy":"category","embeddable":true,"href":"https:\/\/historylab.es\/es\/wp-json\/wp\/v2\/categories?post=16372"},{"taxonomy":"post_tag","embeddable":true,"href":"https:\/\/historylab.es\/es\/wp-json\/wp\/v2\/tags?post=16372"},{"taxonomy":"coleccion","embeddable":true,"href":"https:\/\/historylab.es\/es\/wp-json\/wp\/v2\/coleccion?post=16372"},{"taxonomy":"tipologia","embeddable":true,"href":"https:\/\/historylab.es\/es\/wp-json\/wp\/v2\/tipologia?post=16372"},{"taxonomy":"actividad","embeddable":true,"href":"https:\/\/historylab.es\/es\/wp-json\/wp\/v2\/actividad?post=16372"},{"taxonomy":"projects-collections","embeddable":true,"href":"https:\/\/historylab.es\/es\/wp-json\/wp\/v2\/projects-collections?post=16372"}],"curies":[{"name":"wp","href":"https:\/\/api.w.org\/{rel}","templated":true}]}}